{"id":112,"date":"2001-03-16T05:49:28","date_gmt":"2001-03-16T03:49:28","guid":{"rendered":"http:\/\/xn--zkartal-80a.com\/?p=112"},"modified":"2025-10-13T01:48:14","modified_gmt":"2025-10-12T23:48:14","slug":"her-gun-baska-pencere","status":"publish","type":"post","link":"http:\/\/xn--zkartal-80a.com\/?p=112","title":{"rendered":"Karar Vermek!"},"content":{"rendered":"<p class=\"MsoNormal\" style=\"margin-bottom: 0.0001pt; line-height: normal; text-align: justify;\"><span lang=\"TR\" style=\"font-family: 'Arial','sans-serif'; color: black;\"><img loading=\"lazy\" class=\"alignleft wp-image-207\" style=\"border: 5px solid black; margin: 2px 5px;\" title=\"dukkan\" src=\"http:\/\/xn--zkartal-80a.com\/wp-content\/uploads\/2001\/03\/dukkan-300x202.jpg\" alt=\"dukkan\" width=\"366\" height=\"246\" srcset=\"http:\/\/xn--zkartal-80a.com\/wp-content\/uploads\/2001\/03\/dukkan-300x202.jpg 300w, http:\/\/xn--zkartal-80a.com\/wp-content\/uploads\/2001\/03\/dukkan.jpg 600w\" sizes=\"(max-width: 366px) 100vw, 366px\" \/>1<\/span><span style=\"font-family: 'Arial','sans-serif'; color: black;\">981 y\u0131l\u0131na geldi\u011fimizde benim i\u00e7in her \u015fey monotonla\u015fm\u0131\u015ft\u0131 yapmak istediklerimi ba\u015farm\u0131\u015f yapacak her hangi bir \u015fey kalmam\u0131\u015ft\u0131. \u0130\u015f, ev, E\u011flence, k\u00fclt\u00fcrel faaliyetler, tatil, vs. hayat fazla monoton olmu\u015ftu. Her Her \u015fey o kadar rahatt\u0131 \u00b4ki<\/span><span lang=\"TR\" style=\"font-family: 'Arial','sans-serif'; color: black;\"> yapmak istedi\u011fim her \u015feyi ba\u015farm\u0131\u015ft\u0131m. Yapacak pek bir \u015fey kalmam\u0131\u015ft\u0131. Enerjimi<\/span><span style=\"font-family: 'Arial','sans-serif'; color: black;\"> bu \u015fekilde t\u00fcketmenin yanl\u0131\u015f olaca\u011f\u0131 fikri beynimi kemiriyordu. Sabahlar\u0131 i\u015fe gitmek gibi bir mecburiyetim dahi yoktu. Belki bir \u00e7oklar\u0131 i\u00e7in bu durum tatmin edici olabilirdi benim i\u00e7in s\u0131k\u0131c\u0131yd\u0131. Daha fazla \u015feyler yapmal\u0131yd\u0131m burada yap\u0131labilecek her \u015fey kafam\u0131n i\u00e7ini kemiriyordu.<\/span><\/p>\n<p class=\"MsoNormal\" style=\"line-height: normal; text-align: justify;\"><span lang=\"TR\" style=\"font-family: 'Arial','sans-serif'; color: black;\">Pe\u015finden ko\u015faca\u011f\u0131m yeni bir \u015feyler bulmal\u0131yd\u0131m. Var olan Enerjimi daha ba\u015fka \u015fekilde kullanmal\u0131yd\u0131m. Bu d\u00fc\u015f\u00fcnceler\u00a0 aras\u0131nda e\u015fimin ikinci bir \u00e7ocuk haberini vermesi belkide o g\u00fcnlerdeki mutluluk veren tek and\u0131 dersem yalan s\u00f6ylememi\u015f olurum. <\/span><span lang=\"TR\" style=\"font-family: 'Arial','sans-serif'; color: black;\">Oktar Murat a Karde\u015f gelmesinin zaman\u0131 gelmi\u015f ve ge\u00e7iyordu ho\u015f. Bebek bakmas\u0131nda \u00f6\u011frenmi\u015ftik art\u0131k. Hayat\u0131m\u0131z tekrar de\u011fi\u015fecekti ve \u00f6ylede oldu.<br \/>\n<\/span><!--more--><\/p>\n<p class=\"MsoNormal\" style=\"margin-bottom: 0.0001pt; line-height: normal; text-align: justify;\"><span lang=\"TR\" style=\"font-family: 'Arial','sans-serif'; color: black;\">1982 y\u0131l\u0131n\u0131n Eyl\u00fcl ay\u0131nda i\u015ften ayr\u0131lmaya karar verdim. E\u015fim bu i\u015fe pek s\u0131cak bakmasa da karar vermi\u015ftim Grundig Evlerinden isteyerek \u00e7\u0131kt\u0131\u011f\u0131mda iyi bir tazminat alacakt\u0131m \u0130\u015ften ayr\u0131l\u0131nca da tazminat\u0131m vard\u0131.<\/span><\/p>\n<p class=\"MsoNormal\" style=\"margin-bottom: 0.0001pt; line-height: normal; text-align: justify;\"><span lang=\"TR\" style=\"font-family: 'Arial','sans-serif'; color: black;\">Bu baya\u011f\u0131 y\u00fckl\u00fc bir rakamd\u0131. Yapm\u0131\u015f Oldu\u011fum anla\u015fma gere\u011fi <\/span><span lang=\"TR\" style=\"font-family: 'Arial','sans-serif'; color: black;\">On y\u0131l\u0131m\u0131 doldurup ayr\u0131lacakt\u0131m. 1982 Eyl\u00fcl ay\u0131nda da ayr\u0131ld\u0131m. E\u015fim ayn\u0131 i\u015f yerinde \u00e7al\u0131\u015fmaya devam etti. \u0130kinci \u00e7ocu\u011fumuz yoldayd\u0131 bense yeni bir yola \u00e7\u0131km\u0131\u015ft\u0131m. Ilk olarak Hediyelik E\u015fya satan bir ma\u011faza a\u00e7arak i\u015fe ba\u015flad\u0131m. Almanya&#8217;da T\u00fcrkiye usul\u00fc Pazarlar (Jahr Markt) ad\u0131 alt\u0131nda vard\u0131 fakat \u00e7ok <img loading=\"lazy\" class=\"wp-image-212 alignright\" style=\"border: 5px solid black; margin: 0px 5px;\" title=\"pazar\" src=\"http:\/\/xn--zkartal-80a.com\/wp-content\/uploads\/2001\/03\/pazar-300x186.jpg\" alt=\"pazar\" width=\"345\" height=\"213\" srcset=\"http:\/\/xn--zkartal-80a.com\/wp-content\/uploads\/2001\/03\/pazar-300x186.jpg 300w, http:\/\/xn--zkartal-80a.com\/wp-content\/uploads\/2001\/03\/pazar.jpg 600w\" sizes=\"(max-width: 345px) 100vw, 345px\" \/>farkl\u0131yd\u0131. Bu farkl\u0131l\u0131\u011f\u0131 fark etmem B\u00f6lgemizdeki pazarlar\u0131n g\u00f6r\u00fcn\u00fcm\u00fcn\u00fc sat\u0131\u015f politikas\u0131n\u0131 de\u011fi\u015ftirmeme yetti de art\u0131 bile 1982 1984 Y\u0131llar\u0131 aras\u0131nda 256\u00a0 irili ufakl\u0131 \u015fehirde senenin belirli tarihlerinde Pazar yeri sahibi oluvermi\u015f.T\u00fcrkiyeden \u0130thalat yapmaya ba\u015flam\u0131\u015ft\u0131m ve ithal etti\u011fim her \u015fey pazarlarda sat\u0131\u015fa sunuluyordu. Tek ba\u015f\u0131ma \u00e7ok zordu Fabrikadan\u00a0 minib\u00fcs sahibi Arkada\u015flar bulmam pek zor olmad\u0131.\u00a0 Pazarlarlar da sat\u0131\u015f yaparak ek kazan\u00e7 temin etmek isteyen bir \u00e7ok arkada\u015f\u0131 pazarc\u0131l\u0131\u011fa\u00a0 y\u00f6nlendirerek baya\u011f\u0131 b\u00fcy\u00fck ve iyi bir ekibimde olu\u015fmu\u015ftu.<\/span><\/p>\n<p class=\"MsoNormal\" style=\"margin-bottom: 0.0001pt; line-height: normal; text-align: justify;\"><span lang=\"TR\" style=\"font-family: 'Arial','sans-serif'; color: black;\">Oyma a\u011fa\u00e7 E\u015fyalar\u0131, \u0130\u015f Elbiseleri , \u0130\u015f ayakkab\u0131lar\u0131, Havlu, Buldan bezi elbiseler, bayan i\u00e7 \u00e7ama\u015f\u0131rlar\u0131, K\u0131\u015fl\u0131k bozanlar ve hep g\u00fclerim Melek resimleri, Isa resimleri dini resimler\u00a0 en \u00e7ok aranan mamullerimiz aras\u0131ndayd\u0131. Bu resimleri evde oturan annelere ek kazan\u00e7 sa\u011flamalar\u0131 ad\u0131na resim ba\u015f\u0131na 50 Fenik \u00f6deyerek yapt\u0131r\u0131yordum yap\u0131lan i\u015f resim ebatlar\u0131nda kesilmi\u015f sunta resim bir taraf\u0131na\u00a0 ask\u0131l\u0131k di\u011fer taraf\u0131na yap\u0131\u015ft\u0131r\u0131l\u0131yordu kenar boyamas\u0131 i\u00e7inse 50 Fenik daha \u00f6d\u00fcyordum evler resim \u00fcretim fabrikas\u0131 gibi olmu\u015ftu. Haftada iki-\u00fc\u00e7 bin reisime ihtiya\u00e7 vard\u0131. Almanlar bu resimleri 5 Mark gibi bir \u00fccret kar\u015f\u0131l\u0131\u011f\u0131nda kap\u0131\u015f kap\u0131\u015f al\u0131yorlard\u0131. \u0130\u015f elbiselerini IGM yani metal i\u015f sendikas\u0131 arac\u0131l\u0131\u011f\u0131 ile sat\u0131\u015fa sunuyordum T\u00fcm \u00e7al\u0131\u015fanlar 10 DM kar\u015f\u0131l\u0131\u011f\u0131nda i\u015f elbisesi alabiliyorlard\u0131. Tabi bu rakam\u0131n 5 DM\u00a0 her fabrikadaki i\u015f\u00e7i temsilciliklerine kal\u0131yordu.<\/span><\/p>\n<p><img loading=\"lazy\" class=\"alignleft wp-image-209\" style=\"border: 5px solid black; margin: 2px 5px;\" title=\"buro\" src=\"http:\/\/xn--zkartal-80a.com\/wp-content\/uploads\/2001\/03\/buro-300x214.jpg\" alt=\"buro\" width=\"329\" height=\"235\" srcset=\"http:\/\/xn--zkartal-80a.com\/wp-content\/uploads\/2001\/03\/buro-300x214.jpg 300w, http:\/\/xn--zkartal-80a.com\/wp-content\/uploads\/2001\/03\/buro.jpg 600w\" sizes=\"(max-width: 329px) 100vw, 329px\" \/><\/p>\n<p class=\"MsoNormal\" style=\"margin-bottom: 0.0001pt; line-height: normal; text-align: justify;\"><span lang=\"TR\" style=\"font-family: 'Arial','sans-serif'; color: black;\">1984 Y\u0131l\u0131nda Alman h\u00fck\u00fcmetinin \u00e7\u0131kartaca\u011f\u0131 geri d\u00f6n\u00fc\u015f yasas\u0131n\u0131 bekleyen vatanda\u015flar\u0131m\u0131n \u00a0T\u00fcrkiye&#8217;ye geri d\u00f6n\u00fc\u015f yapt\u0131klar\u0131nda \u00a0Ev e\u015fyalar\u0131n\u0131 G\u00fcmr\u00fcks\u00fcz olarak T\u00fcrkiye&#8217;ye sokma hakk\u0131n\u0131zda alm\u0131\u015f oluyordu. Bu e\u015fyalar\u0131n T\u00fcrkiye&#8217;ye nakil \u00fccretlerimde devlet taraf\u0131ndan kar\u015f\u0131lanacakt\u0131.<\/span><span lang=\"TR\" style=\"font-family: 'Arial','sans-serif'; color: black;\"> \u00c7ok acil bir nakliyat \u015firketi kurmam\u00a0 gerekti\u011fi fikri her ge\u00e7en g\u00fcn beynimde dans ediyordu sanki .<\/span> <span lang=\"TR\" style=\"font-family: 'Arial','sans-serif'; color: black;\">O d\u00f6nemlerde T\u00fcrk vatanda\u015f\u0131 olarak tek ba\u015f\u0131n\u0131za Ticaret yapma iznimiz yoktu her seferinde bir alman ortak bulurduk. \u0130lk seferinde Her bert Schr\u00f6der ile \u00e7\u0131kt\u0131\u011f\u0131m yolculuk\u00a0 bu defada iyi bir arkada\u015fl\u0131k kurdu\u011fum ba\u015fka bir arkada\u015fla olu\u015facakt\u0131. Leonard Schilein, nakliyat \u015firketinin sahibi bu fikirlerimi kendisi ile payla\u015ft\u0131\u011f\u0131mda \u00e7ok ilgin\u00e7 bulmu\u015f yeni bir \u015firket kurarak bu i\u015fe beraber girebilece\u011fimizi elinde yeterli k\u0131rm\u0131z\u0131 izin belgesi ve ilave A 19 la ba\u015farabilece\u011fimizi s\u00f6yledi\u011finde bir kez daha ba\u015farman\u0131n hazz\u0131n\u0131 ya\u015f\u0131yordum. \u00a0Noris Frachten Vermitlung Ltd ad\u0131nda yeni bir \u015firket kurarak Nakliyat \u015firketi nede ad\u0131m atm\u0131\u015f oldum. 1984-1985 ve 1<\/span><\/p>\n<p><img loading=\"lazy\" class=\"alignright wp-image-215\" style=\"border: 5px solid black; margin: 2px 5px;\" title=\"buro-_01\" src=\"http:\/\/xn--zkartal-80a.com\/wp-content\/uploads\/2001\/03\/buro-_01-300x208.jpg\" alt=\"buro-_01\" width=\"340\" height=\"236\" srcset=\"http:\/\/xn--zkartal-80a.com\/wp-content\/uploads\/2001\/03\/buro-_01-300x208.jpg 300w, http:\/\/xn--zkartal-80a.com\/wp-content\/uploads\/2001\/03\/buro-_01.jpg 600w\" sizes=\"(max-width: 340px) 100vw, 340px\" \/><\/p>\n<p class=\"MsoNormal\" style=\"margin-bottom: 0.0001pt; line-height: normal; text-align: justify;\"><span lang=\"TR\" style=\"font-family: 'Arial','sans-serif'; color: black;\">986 y\u0131llar\u0131 aras\u0131nda \u015firket \u00fczerinden y\u00fcr\u00fcyen 16 ara\u00e7 olu\u015fmu\u015ftu bunlar\u0131n 4 \u00fc \u015firketimize ait di\u011ferleri ise firmam\u0131z\u0131n izin belgelerini kullanarak\u00a0 kendi ara\u00e7lar\u0131 ile \u00e7al\u0131\u015fanlara aitti. Her kalk\u0131\u015fta TIR karnesi ve CMR i\u00e7in \u015firketimize 1,000,00 DM \u00f6demek durumundayd\u0131lar \u015firketimiz \u00fczerinden ald\u0131klar\u0131 y\u00fckler i\u00e7in ise % 10 Komisyon \u00fccretine tabiydiler. \u0130lk ticari banka hesab\u0131n\u0131 1984 y\u0131l\u0131nda bu \u015firket ad\u0131na a\u00e7m\u0131\u015ft\u0131k. Be\u015f y\u0131l birlikte \u00e7al\u0131\u015ft\u0131\u011f\u0131m Leonart tan \u00e7ok \u015fey \u00f6\u011frenmi\u015ftim Ticaret yasalar\u0131 T\u00fcrkiye ile benzerlik g\u00f6sterse de Devlete vergi \u00f6demek yerine yeni yat\u0131r\u0131m yapma sistemi Almanya&#8217;n\u0131n neden yurt d\u0131\u015f\u0131ndan i\u015f\u00e7i getirmek zorunda kald\u0131\u011f\u0131n\u0131n\u00a0 cevab\u0131yd\u0131. Yat\u0131r\u0131m demek istihdam demekti istihdam demekse vergi. \u00c7o\u011fu zaman T\u00fcrkiye&#8217;deki y\u0131llar\u0131mda \u00e7ok para kazanmama ra\u011fmen Vergi zaman\u0131 ne kadar zorland\u0131\u011f\u0131m\u0131 d\u00fc\u015f\u00fcn\u00fcr bizi y\u00f6netenlerin cehaletine bilgisizliklerine g\u00fclerdim. Hangi ak\u0131ll\u0131 bir yat\u0131r\u0131mc\u0131 Paras\u0131n\u0131 T\u00fcrkiye&#8217;de yat\u0131r\u0131ma d\u00f6n\u00fc\u015ft\u00fcr\u00fcp de\u011ferlendirmek isteki? Y\u0131llar i\u00e7erisinde Almanya&#8217;daki vergi yasalar\u0131n\u0131n b\u00fcy\u00fcme ve yat\u0131r\u0131ma endekslendi\u011fini anlad\u0131\u011f\u0131mda on y\u0131l ge\u00e7mi\u015fti b\u00fct\u00fcn \u015firketlerimde zaman i\u00e7erisinde 160 personel \u00e7al\u0131\u015fmaktayd\u0131. Vergi daireleri ise ya vergini \u00f6de yada \u00f6deyece\u011fin vergi miktar\u0131nda yat\u0131r\u0131m yap deyip duruyordu. Yani b\u00fcy\u00fcmek istememe gibi bir \u015fans\u0131n\u0131z yoktu.1993 y\u0131l\u0131 28 Milyona ula\u015fan cirom yeni yat\u0131r\u0131mlara gebeydi. <\/span><\/p>\n<p class=\"MsoNormal\" style=\"margin-bottom: 0.0001pt; line-height: normal; text-align: justify;\"><strong>Mehmet Tevfik \u00d6zkartal<\/strong><\/p>\n<p><strong>16.Mart 2001<\/strong><\/p>\n<p><strong>N\u00fcrnberg<\/strong><\/p>\n","protected":false},"excerpt":{"rendered":"<p>1981 y\u0131l\u0131na geldi\u011fimizde benim i\u00e7in her \u015fey monotonla\u015fm\u0131\u015ft\u0131 yapmak istediklerimi ba\u015farm\u0131\u015f yapacak her hangi bir \u015fey kalmam\u0131\u015ft\u0131. \u0130\u015f, ev, E\u011flence, k\u00fclt\u00fcrel faaliyetler, tatil, vs. hayat fazla monoton olmu\u015ftu. Her Her \u015fey o kadar rahatt\u0131 \u00b4ki yapmak istedi\u011fim her \u015feyi ba\u015farm\u0131\u015ft\u0131m. Yapacak pek bir \u015fey kalmam\u0131\u015ft\u0131. Enerjimi bu \u015fekilde t\u00fcketmenin yanl\u0131\u015f olaca\u011f\u0131 fikri beynimi kemiriyordu. Sabahlar\u0131 [&hellip;]<\/p>\n","protected":false},"author":1,"featured_media":0,"comment_status":"open","ping_status":"open","sticky":false,"template":"","format":"standard","meta":[],"categories":[20],"tags":[],"_links":{"self":[{"href":"http:\/\/xn--zkartal-80a.com\/index.php?rest_route=\/wp\/v2\/posts\/112"}],"collection":[{"href":"http:\/\/xn--zkartal-80a.com\/index.php?rest_route=\/wp\/v2\/posts"}],"about":[{"href":"http:\/\/xn--zkartal-80a.com\/index.php?rest_route=\/wp\/v2\/types\/post"}],"author":[{"embeddable":true,"href":"http:\/\/xn--zkartal-80a.com\/index.php?rest_route=\/wp\/v2\/users\/1"}],"replies":[{"embeddable":true,"href":"http:\/\/xn--zkartal-80a.com\/index.php?rest_route=%2Fwp%2Fv2%2Fcomments&post=112"}],"version-history":[{"count":23,"href":"http:\/\/xn--zkartal-80a.com\/index.php?rest_route=\/wp\/v2\/posts\/112\/revisions"}],"predecessor-version":[{"id":3460,"href":"http:\/\/xn--zkartal-80a.com\/index.php?rest_route=\/wp\/v2\/posts\/112\/revisions\/3460"}],"wp:attachment":[{"href":"http:\/\/xn--zkartal-80a.com\/index.php?rest_route=%2Fwp%2Fv2%2Fmedia&parent=112"}],"wp:term":[{"taxonomy":"category","embeddable":true,"href":"http:\/\/xn--zkartal-80a.com\/index.php?rest_route=%2Fwp%2Fv2%2Fcategories&post=112"},{"taxonomy":"post_tag","embeddable":true,"href":"http:\/\/xn--zkartal-80a.com\/index.php?rest_route=%2Fwp%2Fv2%2Ftags&post=112"}],"curies":[{"name":"wp","href":"https:\/\/api.w.org\/{rel}","templated":true}]}}